{"id":552,"date":"2015-04-10T13:11:18","date_gmt":"2015-04-10T13:11:18","guid":{"rendered":"https:\/\/staging6.lasterrazasdedana.com\/?p=552"},"modified":"2023-12-30T10:10:01","modified_gmt":"2023-12-30T15:10:01","slug":"por-que-visitar-mindo","status":"publish","type":"post","link":"https:\/\/staging6.lasterrazasdedana.com\/es\/por-que-visitar-mindo\/","title":{"rendered":"\u00bfPor qu\u00e9 visitar Mindo?"},"content":{"rendered":"<p>Cuando usted viene a trav\u00e9s del <a title=\"Quito turismo\" href=\"http:\/\/www.quito-turismo.gob.ec\/\" target=\"_blank\" rel=\"noopener\">aeropuerto de Quito<\/a> a disfrutar de sus vacaciones en Ecuador, es el momento id\u00f3neo para visitar Mindo que est\u00e1 a s\u00f3lo 1 hora y 30 minutos de Quito. Mindo es un lugar incre\u00edble, especialmente digno de visita y puede que te arrepientas si no lo visitas con lo cerca que lo has tenido. Es un lugar lleno de vida y agua. Los cient\u00edficos dicen que es uno de los mejores lugares del mundo para la observaci\u00f3n de aves y un lugar con una extraordianaria biodiversidad llena de vida salvaje. No hay muchos lugares en el mundo donde se puede descubrir y experimentar tal plenitud y la diversidad de la vida en Mindo.<\/p>\n<p>Mindo es una regi\u00f3n tesoro de biodiversidad, en la que hay un gran n\u00famero de plantas end\u00e9micas y especies animales, especialmente aves, con una naturaleza particularmente valiosa. La mayor parte de estas regiones est\u00e1n distribuidas alrededor del Ecuador. Los pa\u00edses en los que hay puntos calientes cubren menos del 10 por ciento de la superficie de la Tierra, pero son el hogar del 70 por ciento de la plenitud de la vida. El concepto de puntos cr\u00edticos (hotspots), de biodiversidad fue desarrollado por los bi\u00f3logos Russell Mitter Meier y Norman Myers a finales de 1980. El detonante fue percibido como una pregunta dilema de qu\u00e9 \u00e1reas tienen la mayor importancia para la conservaci\u00f3n de especies. Mindo es uno de esos lugares de conservaci\u00f3n de la biodiversidad.<\/p>\n<p>Una de las cosas m\u00e1s interesantes de Mindo es el<a href=\"https:\/\/staging6.lasterrazasdedana.com\/es\/\"><strong> bosque nublado<\/strong><\/a>. Los bosques nublados son a menudo los bosques tropicales de monta\u00f1a, humedales y est\u00e1n situados entre 1.000 y 3.000 metros sobre el nivel del mar, ba\u00f1ados en una niebla frecuente casi permanente.<\/p>\n<p>Estos bosques se caracterizan por:<\/p>\n<p>&#8211; Fuertes lluvias, mucho mayor que la de las selvas tropicales de tierras bajas (de 2.000 a 8.000 mm anuales con la altitud);<\/p>\n<p>&#8211; Una temperatura muy amortiguada, es decir, con algunos picos de calor o fr\u00edo, especialmente en los tr\u00f3picos hasta el suelo o en madrigueras (donde la temperatura es casi constante). La temperatura, sin embargo, var\u00eda y regularmente con la altitud, cayendo 0,6 \u00b0 C por cada 100 metros de desnivel, que crea m\u00faltiples etapas, cada una caracterizada por una biodiversidad diferente;<\/p>\n<p>&#8211; Abundantes capas de niebla que provocan saturaci\u00f3n del aire en el agua, adem\u00e1s de una reducci\u00f3n de la luz directa e indirecta, promoviendo el desarrollo de musgos y epifitas (orqu\u00eddeas, bromelias, helechos, l\u00edquenes &#8230;) de manera especialmente exuberante;<\/p>\n<p>&#8211; Difusi\u00f3n del sonido y olores (fragancias de flores, hormonas, odorantes marcas territorios) caracter\u00edstico de humedad constante y criado en ambientes que permite a los animales comunicarse a largas distancias.<\/p>\n<p>Estos ecosistemas son a menudo considerados entre los m\u00e1s ricos del mundo.<\/p>\n<p>As\u00ed que, no espere m\u00e1s y reserve en un hotel en Mindo Ecuador.<\/p>\n","protected":false},"excerpt":{"rendered":"<p>Cuando usted viene a trav\u00e9s del aeropuerto de Quito a disfrutar de sus vacaciones en Ecuador, es el momento id\u00f3neo para visitar Mindo que est\u00e1 a s\u00f3lo 1 hora y 30 minutos de Quito. Mindo es un lugar incre\u00edble, especialmente digno de visita y puede que te arrepientas si no lo visitas con lo cerca [&hellip;]<\/p>\n","protected":false},"author":2,"featured_media":0,"comment_status":"closed","ping_status":"closed","sticky":false,"template":"","format":"standard","meta":{"footnotes":""},"categories":[99],"tags":[18,118,119,85,86,121,19,120,87,122,20,123,88,21,124,125],"class_list":["post-552","post","type-post","status-publish","format-standard","hentry","category-birding-mindo","tag-hosteria-en-mindo","tag-hosteria-en-mindo-6","tag-hosteria-en-mindo-7","tag-hosteria-en-mindo-3","tag-hoteles-en-mindo-3","tag-hoteles-en-mindo-7","tag-hoteles-en-mindo","tag-hoteles-en-mindo-6","tag-mindo-ecuador-es-3","tag-mindo-ecuador-es-6","tag-mindo-ecuador-es","tag-mindo-ecuador-es-7","tag-mindo-turismo-3","tag-mindo-turismo","tag-mindo-turismo-6","tag-mindo-turismo-7"],"_links":{"self":[{"href":"https:\/\/staging6.lasterrazasdedana.com\/es\/wp-json\/wp\/v2\/posts\/552","targetHints":{"allow":["GET"]}}],"collection":[{"href":"https:\/\/staging6.lasterrazasdedana.com\/es\/wp-json\/wp\/v2\/posts"}],"about":[{"href":"https:\/\/staging6.lasterrazasdedana.com\/es\/wp-json\/wp\/v2\/types\/post"}],"author":[{"embeddable":true,"href":"https:\/\/staging6.lasterrazasdedana.com\/es\/wp-json\/wp\/v2\/users\/2"}],"replies":[{"embeddable":true,"href":"https:\/\/staging6.lasterrazasdedana.com\/es\/wp-json\/wp\/v2\/comments?post=552"}],"version-history":[{"count":3,"href":"https:\/\/staging6.lasterrazasdedana.com\/es\/wp-json\/wp\/v2\/posts\/552\/revisions"}],"predecessor-version":[{"id":11189,"href":"https:\/\/staging6.lasterrazasdedana.com\/es\/wp-json\/wp\/v2\/posts\/552\/revisions\/11189"}],"wp:attachment":[{"href":"https:\/\/staging6.lasterrazasdedana.com\/es\/wp-json\/wp\/v2\/media?parent=552"}],"wp:term":[{"taxonomy":"category","embeddable":true,"href":"https:\/\/staging6.lasterrazasdedana.com\/es\/wp-json\/wp\/v2\/categories?post=552"},{"taxonomy":"post_tag","embeddable":true,"href":"https:\/\/staging6.lasterrazasdedana.com\/es\/wp-json\/wp\/v2\/tags?post=552"}],"curies":[{"name":"wp","href":"https:\/\/api.w.org\/{rel}","templated":true}]}}